{"id":80,"date":"2022-11-01T13:18:33","date_gmt":"2022-11-01T12:18:33","guid":{"rendered":"https:\/\/contrelescientisme.noblogs.org\/?p=80"},"modified":"2022-11-01T13:18:33","modified_gmt":"2022-11-01T12:18:33","slug":"la-fabrique-du-progres-scientisme-systeme-technicien-et-capitalisme-vert-arthur-guerber","status":"publish","type":"post","link":"https:\/\/contrelescientisme.noblogs.org\/?p=80","title":{"rendered":"La fabrique du progr\u00e8s : Scientisme, syst\u00e8me technicien et capitalisme vert &#8211; Arthur Guerber"},"content":{"rendered":"<p><strong>Arthur Guerber &#8211; <em>La fabrique du progr\u00e8s : Scientisme, syst\u00e8me technicien et capitalisme vert<\/em><\/strong><\/p>\n<p><strong>Le 22 octobre 2022, Arthur Guerber participait \u00e0 une conf\u00e9rence-d\u00e9bat \u00e0 la librairie La Gryffe \u00e0 Lyon.<\/strong><\/p>\n<p><strong>On retrouve ci-dessous l\u2019enregistrement audio de cette conf\u00e9rence.<\/strong><\/p>\n<p>https:\/\/www.atelierdecreationlibertaire.com\/La-fabrique-du-progres,1022.html<\/p>\n<p>Lien mp3 : https:\/\/www.atelierdecreationlibertaire.com\/IMG\/mp3\/la_fabrique_du_prograA_s_22_oct_2022_at_12_32_06_2000006.mp3<\/p>\n<p><strong>Pr\u00e9sentation du livre <i>La fabrique du progr\u00e8s &#8211; Scientisme, syst\u00e8me technicien et capitalisme vert<\/i> (Atelier de cr\u00e9ation libertaire &#8211; Juin 2022) :<\/strong><\/p>\n<p>\u00ab\u00a0Dans les faits, ma scolarit\u00e9 et mon environnement professionnel de m\u00e9decin m\u2019ont surtout appris \u00e0 conna\u00eetre et \u00e0 comprendre le fonctionnement d\u2019un certain champ scientifique. Ils m\u2019ont alors incidemment offert le recul n\u00e9cessaire pour le critiquer. C\u2019est ainsi que, partout o\u00f9 me menaient mes \u00e9tudes et mes recherches dans la litt\u00e9rature scientifique, je me trouvais face aux limites des connaissances, face \u00e0 l\u2019ab\u00eeme de l\u2019ignorance. La gu\u00e9rison de ce vertige anxiog\u00e8ne, de ce sentiment de finitude, passa par une \u00e9tude autodidacte de la philosophie des sciences, discipline faisant tant d\u00e9faut aux fili\u00e8res scientifiques. Cette prise de recul \u00e9pist\u00e9mologique prit ensuite une dimension politique, tant l\u2019injustice de l\u2019accaparement du prestige de \u201csachant\u201d par une \u00e9lite minoritaire me r\u00e9vulsait. Le regard critique que je porte sur mon domaine de comp\u00e9tence \u2013 la m\u00e9decine \u2013, dans lequel sont constamment mobilis\u00e9s des arguments d\u2019autorit\u00e9, me causa un certain malaise face \u00e0 ma l\u00e9gitimit\u00e9 \u201cd\u2019expert de la sant\u00e9\u201d. Dans un monde fait d\u2019incertitudes et de pol\u00e9miques, je concevais cette l\u00e9gitimit\u00e9 comme intrins\u00e8quement branlante pour la m\u00e9decine. Ce malaise me questionna sur le bien-fond\u00e9 et la partialit\u00e9 d\u2019autres domaines de pr\u00e9tendue expertise, et aboutit \u00e0 une remise en cause de la d\u00e9rive techno\u00adcratique d\u00e9terminante de notre soci\u00e9t\u00e9, dans laquelle des \u201csp\u00e9cialistes\u201d monopolisent le d\u00e9bat public. Ma soif de lecture m\u2019a permis alors d\u2019\u00e9pancher le foss\u00e9 qui m\u2019emp\u00eachait cette r\u00e9flexion libre, par-del\u00e0 les chasses gard\u00e9es d\u2019intellectuels et de scientifiques ayant tendance \u00e0 sanctuariser leurs domaines de savoir et \u00e0 ent\u00e9riner les cadres r\u00e9flexifs de leurs disciplines dogmatiques. Pourtant, les sciences ne pourront \u00eatre mises au service de la collectivit\u00e9 qu\u2019\u00e0 la condition d\u2019\u00eatre comprises dans leurs logiques et leurs limites. Elles doivent \u00eatre sorties de leur essentialisation en les r\u00e9int\u00e9grant dans leurs multiples d\u00e9terminismes \u2013 notamment sociaux \u2013 et enfin chass\u00e9es de domaines qu\u2019elles occupent ill\u00e9gitimement, notamment ceux de la politique et de la philosophie.\u202f\u00a0\u00bb<\/p>\n<p><em>Table des mati\u00e8res\u00a0:<\/em> https:\/\/www.atelierdecreationlibertaire.com\/La-fabrique-du-progres.html<\/p>\n<hr \/>\n<p><em>via Lille Indymedia<\/em><\/p>\n","protected":false},"excerpt":{"rendered":"<p>Arthur Guerber &#8211; La fabrique du progr\u00e8s : Scientisme, syst\u00e8me technicien et capitalisme vert Le 22 octobre 2022, Arthur Guerber participait \u00e0 une conf\u00e9rence-d\u00e9bat \u00e0 la librairie La Gryffe \u00e0 Lyon. On retrouve ci-dessous l\u2019enregistrement audio de cette conf\u00e9rence. https:\/\/www.atelierdecreationlibertaire.com\/La-fabrique-du-progres,1022.html Lien mp3 : https:\/\/www.atelierdecreationlibertaire.com\/IMG\/mp3\/la_fabrique_du_prograA_s_22_oct_2022_at_12_32_06_2000006.mp3 Pr\u00e9sentation du livre La fabrique du progr\u00e8s &#8211; Scientisme, syst\u00e8me technicien &hellip; <\/p>\n<p class=\"link-more\"><a href=\"https:\/\/contrelescientisme.noblogs.org\/?p=80\" class=\"more-link\">Continuer la lecture<span class=\"screen-reader-text\"> de &laquo;&nbsp;La fabrique du progr\u00e8s : Scientisme, syst\u00e8me technicien et capitalisme vert &#8211; Arthur Guerber&nbsp;&raquo;<\/span><\/a><\/p>\n","protected":false},"author":17840,"featured_media":0,"comment_status":"closed","ping_status":"closed","sticky":false,"template":"","format":"standard","meta":{"footnotes":""},"categories":[1],"tags":[],"class_list":["post-80","post","type-post","status-publish","format-standard","hentry","category-general"],"_links":{"self":[{"href":"https:\/\/contrelescientisme.noblogs.org\/index.php?rest_route=\/wp\/v2\/posts\/80","targetHints":{"allow":["GET"]}}],"collection":[{"href":"https:\/\/contrelescientisme.noblogs.org\/index.php?rest_route=\/wp\/v2\/posts"}],"about":[{"href":"https:\/\/contrelescientisme.noblogs.org\/index.php?rest_route=\/wp\/v2\/types\/post"}],"author":[{"embeddable":true,"href":"https:\/\/contrelescientisme.noblogs.org\/index.php?rest_route=\/wp\/v2\/users\/17840"}],"replies":[{"embeddable":true,"href":"https:\/\/contrelescientisme.noblogs.org\/index.php?rest_route=%2Fwp%2Fv2%2Fcomments&post=80"}],"version-history":[{"count":3,"href":"https:\/\/contrelescientisme.noblogs.org\/index.php?rest_route=\/wp\/v2\/posts\/80\/revisions"}],"predecessor-version":[{"id":83,"href":"https:\/\/contrelescientisme.noblogs.org\/index.php?rest_route=\/wp\/v2\/posts\/80\/revisions\/83"}],"wp:attachment":[{"href":"https:\/\/contrelescientisme.noblogs.org\/index.php?rest_route=%2Fwp%2Fv2%2Fmedia&parent=80"}],"wp:term":[{"taxonomy":"category","embeddable":true,"href":"https:\/\/contrelescientisme.noblogs.org\/index.php?rest_route=%2Fwp%2Fv2%2Fcategories&post=80"},{"taxonomy":"post_tag","embeddable":true,"href":"https:\/\/contrelescientisme.noblogs.org\/index.php?rest_route=%2Fwp%2Fv2%2Ftags&post=80"}],"curies":[{"name":"wp","href":"https:\/\/api.w.org\/{rel}","templated":true}]}}